{"id":2226,"date":"2024-03-12T00:20:22","date_gmt":"2024-03-11T23:20:22","guid":{"rendered":"https:\/\/www.societadiminerva.it\/demo\/?p=2226"},"modified":"2025-11-30T10:16:31","modified_gmt":"2025-11-30T09:16:31","slug":"giovedi-minervale-14-marzo-la-casa-carsica-di-monrupino-e-le-tradizioni-popolari-degli-sloveni-del-carso","status":"publish","type":"post","link":"https:\/\/www.societadiminerva.it\/demo\/2024\/03\/12\/giovedi-minervale-14-marzo-la-casa-carsica-di-monrupino-e-le-tradizioni-popolari-degli-sloveni-del-carso\/","title":{"rendered":"Gioved\u00ec Minervale | 14 marzo | La Casa Carsica di Monrupino e le tradizioni popolari degli Sloveni del Carso"},"content":{"rendered":"<div style=\"margin-top: 0px; margin-bottom: 0px;\" class=\"sharethis-inline-share-buttons\" ><\/div><p><strong>gioved\u00ec 14 marzo 2024<br \/>\nore 16.30<br \/>\nEccezionalmente presso la \u201cCasa Carsica\u201d di Monrupino (Repen, 31)<\/strong><\/p>\n<p><strong>&#8220;La Casa Carsica di Monrupino e le tradizioni popolari degli Sloveni del Carso\u201d<\/strong><\/p>\n<p>Il programma dei Gioved\u00ec Minervali per l\u2019anno 2024, organizzati dalla Societ\u00e0 di Minerva e aperti al pubblico, presenta una nuova conferenza per la giornata di gioved\u00ec 14 marzo, alle ore 16.30, presso la \u201cCasa Carsica\u201d di Monrupino (a Repen, vicino alla Piazza principale, numero civico 31). Si terr\u00e0 un incontro su: <em>La Casa Carsica di Monrupino e le tradizioni popolari degli Sloveni del Carso.<\/em> Vesna Gu\u0161tin, autrice di saggi sulle tradizioni del Carso, illustrer\u00e0 ai soci e simpatizzanti della Societ\u00e0 di Minerva la \u201cCasa Carsica\u201d e il suo significato per la conservazione delle tradizioni popolari degli Sloveni.<\/p>\n<p>Scarica la\u00a0<a href=\"https:\/\/www.societadiminerva.it\/demo\/wp-content\/uploads\/2025\/11\/Gustin-corretto.pdf\" target=\"_blank\" rel=\"noopener\">presentazione della conferenza<\/a>\u00a0del Presidente della Societ\u00e0 di Minerva, Giuseppe Trebbi.<\/p>\n<p>La Casa Carsica di Monrupino ( Repen ) \u00e8 un esempio di architettura carsica,\u00a0 che riunisce abitazioni e fabbricati agricoli all&#8217;interno di un cortile chiuso. L\u2019edificio della Casa Carsica risale probabilmente alla fine del \u2018700 e assunse il suo aspetto attuale nell\u2019800. Conserva l&#8217;aspetto delle antiche abitazioni del Carso. All&#8217;interno del Museo della Casa Carsica (Kra\u0161ka Hi\u0161a) si possono ammirare gli arredi e gli attrezzi\u00a0 originali, che documentano\u00a0 le\u00a0<strong>attivit\u00e0 domestiche e produttive tipiche del Carso<\/strong>\u00a0nell&#8217;Ottocento e Novecento (viticoltura, zootecnia, agricoltura).<\/p>\n<p><img loading=\"lazy\" decoding=\"async\" class=\"alignnone size-full wp-image-2227\" src=\"https:\/\/www.societadiminerva.it\/demo\/wp-content\/uploads\/2024\/03\/Casa-Carsica.jpeg\" alt=\"\" width=\"800\" height=\"600\" srcset=\"https:\/\/www.societadiminerva.it\/demo\/wp-content\/uploads\/2024\/03\/Casa-Carsica.jpeg 800w, https:\/\/www.societadiminerva.it\/demo\/wp-content\/uploads\/2024\/03\/Casa-Carsica-300x225.jpeg 300w, https:\/\/www.societadiminerva.it\/demo\/wp-content\/uploads\/2024\/03\/Casa-Carsica-768x576.jpeg 768w\" sizes=\"auto, (max-width: 800px) 100vw, 800px\" \/><\/p>\n","protected":false},"excerpt":{"rendered":"<p>gioved\u00ec 14 marzo 2024 ore 16.30 Eccezionalmente presso la \u201cCasa Carsica\u201d di Monrupino (Repen, 31) &#8220;La Casa Carsica di Monrupino e le tradizioni popolari degli Sloveni del Carso\u201d Il programma &hellip; <\/p>\n<p><a href=\"https:\/\/www.societadiminerva.it\/demo\/2024\/03\/12\/giovedi-minervale-14-marzo-la-casa-carsica-di-monrupino-e-le-tradizioni-popolari-degli-sloveni-del-carso\/\" class=\"btn btn-readmore\">Leggi di pi\u00f9 <span class=\"screen-reader-text\"> &#8220;Gioved\u00ec Minervale | 14 marzo | La Casa Carsica di Monrupino e le tradizioni popolari degli Sloveni del Carso&#8221;<\/span><\/a><\/p>\n","protected":false},"author":5,"featured_media":2227,"comment_status":"closed","ping_status":"closed","sticky":false,"template":"","format":"standard","meta":{"footnotes":""},"categories":[8,3],"tags":[],"class_list":["post-2226","post","type-post","status-publish","format-standard","has-post-thumbnail","hentry","category-giovedi-minervali","category-news"],"_links":{"self":[{"href":"https:\/\/www.societadiminerva.it\/demo\/wp-json\/wp\/v2\/posts\/2226","targetHints":{"allow":["GET"]}}],"collection":[{"href":"https:\/\/www.societadiminerva.it\/demo\/wp-json\/wp\/v2\/posts"}],"about":[{"href":"https:\/\/www.societadiminerva.it\/demo\/wp-json\/wp\/v2\/types\/post"}],"author":[{"embeddable":true,"href":"https:\/\/www.societadiminerva.it\/demo\/wp-json\/wp\/v2\/users\/5"}],"replies":[{"embeddable":true,"href":"https:\/\/www.societadiminerva.it\/demo\/wp-json\/wp\/v2\/comments?post=2226"}],"version-history":[{"count":3,"href":"https:\/\/www.societadiminerva.it\/demo\/wp-json\/wp\/v2\/posts\/2226\/revisions"}],"predecessor-version":[{"id":2400,"href":"https:\/\/www.societadiminerva.it\/demo\/wp-json\/wp\/v2\/posts\/2226\/revisions\/2400"}],"wp:featuredmedia":[{"embeddable":true,"href":"https:\/\/www.societadiminerva.it\/demo\/wp-json\/wp\/v2\/media\/2227"}],"wp:attachment":[{"href":"https:\/\/www.societadiminerva.it\/demo\/wp-json\/wp\/v2\/media?parent=2226"}],"wp:term":[{"taxonomy":"category","embeddable":true,"href":"https:\/\/www.societadiminerva.it\/demo\/wp-json\/wp\/v2\/categories?post=2226"},{"taxonomy":"post_tag","embeddable":true,"href":"https:\/\/www.societadiminerva.it\/demo\/wp-json\/wp\/v2\/tags?post=2226"}],"curies":[{"name":"wp","href":"https:\/\/api.w.org\/{rel}","templated":true}]}}